{"id":7723,"date":"2019-12-16T12:32:24","date_gmt":"2019-12-16T12:32:24","guid":{"rendered":"https:\/\/old.torrentclosures.com\/?p=7723"},"modified":"2019-12-16T12:32:24","modified_gmt":"2019-12-16T12:32:24","slug":"saviez-vous-quen-remplacant-le-plastique-on-multiplierait-par-trois-les-emissions-de-gaz-a-effet-de-serre-et-on-depenserait-deux-fois-plus-denergie-par-an","status":"publish","type":"post","link":"https:\/\/torrentclosures.com\/fr\/saviez-vous-quen-remplacant-le-plastique-on-multiplierait-par-trois-les-emissions-de-gaz-a-effet-de-serre-et-on-depenserait-deux-fois-plus-denergie-par-an\/","title":{"rendered":"Saviez-vous qu\u2019en rempla\u00e7ant le plastique on multiplierait par trois les \u00e9missions de gaz \u00e0 effet de serre et on d\u00e9penserait deux fois plus d\u2019\u00e9nergie par an?"},"content":{"rendered":"<p>Ces chiffres qui font froid dans le dos ont \u00e9t\u00e9 pr\u00e9sent\u00e9s \u00e0 Madrid, au cours de la <a href=\"https:\/\/www.un.org\/es\/climatechange\/\" target=\"_blank\" rel=\"noopener noreferrer\">Conf\u00e9rence des Nations Unies sur les changements climatiques (COP25)<\/a>. Le porte-parole de la plateforme <a href=\"https:\/\/esplasticos.es\/\" target=\"_blank\" rel=\"noopener noreferrer\">EsPl\u00e1sticos<\/a>, Ignacio Marco, a mis l\u2019accent sur les <strong>frais climatiques <\/strong>qu\u2019entra\u00eenerait <strong>l\u2019\u00e9limination du plastique <\/strong>dans le monde entier : \u00ab\u00a0On d\u00e9penserait <strong>deux fois plus d\u2019\u00e9nergie <\/strong>par an (2\u00a0250 millions GJ face aux 1\u00a0010 millions actuels), on \u00e9mettrait <strong>trois fois plus de gaz \u00e0 effet de serre <\/strong>(97,4 millions de tonnes face aux 36,6 millions actuels) et on multiplierait par quatre (3,6) la consommation de <strong>mati\u00e8re <\/strong>(66 millions de tonnes face aux 18,4 millions actuels) pour les m\u00eames produits\u00a0\u00bb.<\/p>\n<p>Dans une note de presse diffus\u00e9e par <a href=\"https:\/\/esplasticos.es\/\" target=\"_blank\" rel=\"noopener noreferrer\">EsPl\u00e1sticos<\/a> et relay\u00e9e par de nombreux m\u00e9dias, la plateforme a lanc\u00e9 un appel sur <strong>l\u2019importance du plastique <\/strong>dans la lutte <strong>contre le changement climatique, en mettant en valeur <\/strong>le r\u00f4le du <strong>plastique de longue dur\u00e9e. D\u2019autre part, la plateforme avertit <\/strong>que m\u00eame si le d\u00e9bat social n\u00e9cessaire sur les <strong>r\u00e9sidus abandonn\u00e9s <\/strong>s&#8217;est concentr\u00e9 \u00e0 <strong>remplacer une mati\u00e8re par une autre, <\/strong>il n&#8217;a pas abord\u00e9 l\u2019impact de cette strat\u00e9gie sur le changement climatique et n&#8217;a pas non plus mis l&#8217;accent sur la source du probl\u00e8me : <strong>le traitement des r\u00e9sidus \u00e0 l\u2019\u00e9chelle mondiale.<\/strong><\/p>\n<p>Le porte-parole de <a href=\"https:\/\/esplasticos.es\/\" target=\"_blank\" rel=\"noopener noreferrer\">EsPl\u00e1sticos<\/a> a rappel\u00e9 que \u00ab les <strong>emballages alimentaires <\/strong>sont des <strong>m\u00e9canismes de protection sophistiqu\u00e9s <\/strong>face aux maladies, qui <strong>prolongent la dur\u00e9e de vie<\/strong> des produits, ce qui repr\u00e9sente 50\u00a0% de d\u2019\u00e9missions de CO<sup>2<\/sup> et de m\u00e9thane en moins en \u00e9vitant le gaspillage alimentaire\u00a0\u00bb.<\/p>\n<p>La plateforme a insist\u00e9 sur le fait qu\u2019<strong>aborder un probl\u00e8me de r\u00e9sidus de fa\u00e7on incorrecte <\/strong>peut nous mener vers <strong>un probl\u00e8me plus important encore<\/strong> sans r\u00e9soudre la question des d\u00e9chets marins. <a href=\"https:\/\/esplasticos.es\/\" target=\"_blank\" rel=\"noopener noreferrer\"><strong>EsPl\u00e1sticos<\/strong><\/a> cherche principalement \u00e0 <strong>ouvrir un d\u00e9bat scientifique<\/strong> sur les r\u00e9sultats et le co\u00fbt climatique de certains substituts au plastique propos\u00e9s.<\/p>\n<p><strong><br \/>\nEmballages : en plastique, en fer, en verre ou en brik ?<\/strong><\/p>\n<p>L\u2019ing\u00e9nieur industriel et porte-parole de la plateforme <strong>Luis Cediel<\/strong> a montr\u00e9 que \u00ab\u00a0lorsqu\u2019on compare un <strong>emballage en plastique<\/strong> avec un emballage fait d&#8217;une autre mati\u00e8re, on remarque facilement que le premier est plus <strong>l\u00e9ger et consomme donc moins de ressources, d\u2019\u00e9nergie et produit moins d\u2019\u00e9missions.\u00a0\u00bb<\/strong> Cediel a fait une r\u00e9flexion sur ces alternatives et a averti, par exemple, sur le fait que <strong>changer une bouteille en plastique pour un emballage comme le brik<\/strong> -simplement parce que cela ressemble \u00e0 du carton- <strong>produit plus d\u2019\u00e9missions<\/strong> et \u00ab\u00a0complique fortement le recyclage, \u00e9tant donn\u00e9 qu\u2019il comporte de l\u2019aluminium et du plastique\u00a0\u00bb.<\/p>\n<p>Le porte-parole a rappel\u00e9 que les <strong>alternatives telles que le fer-blanc<\/strong> \u00ab\u00a0demandent un <strong>processus de recyclage<\/strong> qui d\u00e9pense<strong> trop d\u2019\u00e9nergie<\/strong>, alors que le <strong>verre<\/strong>, m\u00eame s\u2019il est r\u00e9utilisable, est<strong> plus fragile et moins s\u00fbr,<\/strong> qu\u2019il consomme beaucoup d\u2019\u00e9nergie au cours de sa fabrication et de son transport &#8211; en raison de son poids &#8211; et doit \u00eatre manipul\u00e9 \u00e0 1\u00a0500 degr\u00e9s contre les 300 du plastique\u00a0\u00bb.<\/p>\n<p><strong>Bien plus que du jetable : du plastique longue dur\u00e9e contre le CO<sup>2<\/sup><\/strong><\/p>\n<p>De son c\u00f4t\u00e9, <strong>Jos\u00e9 Antonio Costa<\/strong>, lui aussi porte-parole de la plateforme et dipl\u00f4m\u00e9 en Physique Th\u00e9orique, a mis en valeur la <strong>capacit\u00e9 novatrice<\/strong> et la <strong>contribution du plastique<\/strong> longue dur\u00e9e dans la lutte contre les \u00e9missions.<\/p>\n<p>Costa a rappel\u00e9 que \u00ab\u00a0la plupart des plastiques ont une <strong>dur\u00e9e de vie<\/strong> qui va <strong>de 5 \u00e0 50 ans<\/strong>, et respectent les <strong>fonctions indispensables<\/strong> \u00e0 la lutte contre le changement climatique comme l\u2019isolement \u00e9nerg\u00e9tique des maisons ou la technologie informatique\u00a0\u00bb.<\/p>\n<p>Le secteur du plastique regroupe environ 3\u00a0000 institutions et entreprises productrices, transformatrices et de recyclage, principalement des PMEs (98 %). <strong>Isabel Goyena<\/strong>, dipl\u00f4m\u00e9e en Sciences Chimiques et porte-parole de la plateforme, a rappel\u00e9 que <strong>l\u2019Espagne recycle chaque ann\u00e9e plus d\u2019un million de tonnes de plastique<\/strong>, ce qui en fait le deuxi\u00e8me pays d\u2019Europe qui recycle le plus de plastique. \u00ab\u00a0La <strong>solution au probl\u00e8me des r\u00e9sidus<\/strong> doit passer par l\u2019\u00e9conomie circulaire et la consommation responsable de tous les mat\u00e9riaux, par la <strong>prise de conscience et les syst\u00e8mes de traitement des r\u00e9sidus<\/strong> \u00e0 l\u2019\u00e9chelle <strong>mondiale<\/strong>, pas seulement par le changement d\u2019une mati\u00e8re par une autre\u00a0\u00bb.<\/p>\n<p>Goyena a aussi indiqu\u00e9 que \u00ab\u00a0la demande <strong>d\u2019interdiction du plastique<\/strong> en <strong>faveur du climat<\/strong> est une <strong>contradiction<\/strong> en elle-m\u00eame, en raison des \u00e9conomies effectu\u00e9es au cours de son utilisation et de son recyclage ult\u00e9rieur. Le probl\u00e8me des d\u00e9chets marins est un probl\u00e8me d\u2019\u00e9ducation : <strong>lorsque ce qui aboutit dans la mer<\/strong> est une <strong>bouteille de verre<\/strong> ou une <strong>canette, la conscience ne devrait pas non plus \u00eatre tranquille\u00a0\u00bb.<\/strong><\/p>\n<p>&nbsp;<\/p>\n","protected":false},"excerpt":{"rendered":"<p>Ces chiffres qui font froid dans le dos ont \u00e9t\u00e9 pr\u00e9sent\u00e9s \u00e0 Madrid, au cours de la Conf\u00e9rence des Nations Unies sur les changements climatiques (COP25). Le porte-parole de la plateforme EsPl\u00e1sticos, Ignacio Marco, a mis l\u2019accent sur les frais climatiques qu\u2019entra\u00eenerait l\u2019\u00e9limination du plastique dans le monde entier : \u00ab\u00a0On d\u00e9penserait deux fois plus &hellip;<\/p>\n","protected":false},"author":3,"featured_media":7739,"comment_status":"closed","ping_status":"open","sticky":false,"template":"","format":"standard","meta":{"inline_featured_image":false,"_uag_custom_page_level_css":"","footnotes":""},"categories":[797],"tags":[882],"class_list":["post-7723","post","type-post","status-publish","format-standard","has-post-thumbnail","hentry","category-nouvelles","tag-grupo-torrent-fr"],"uagb_featured_image_src":{"full":["https:\/\/torrentclosures.com\/wp-content\/uploads\/2019\/12\/Plasticos_Web.jpg",1100,732,false],"thumbnail":["https:\/\/torrentclosures.com\/wp-content\/uploads\/2019\/12\/Plasticos_Web-150x150.jpg",150,150,true],"medium":["https:\/\/torrentclosures.com\/wp-content\/uploads\/2019\/12\/Plasticos_Web-300x300.jpg",300,300,true],"medium_large":["https:\/\/torrentclosures.com\/wp-content\/uploads\/2019\/12\/Plasticos_Web-768x511.jpg",768,511,true],"large":["https:\/\/torrentclosures.com\/wp-content\/uploads\/2019\/12\/Plasticos_Web-1024x681.jpg",1024,681,true],"1536x1536":["https:\/\/torrentclosures.com\/wp-content\/uploads\/2019\/12\/Plasticos_Web.jpg",1100,732,false],"2048x2048":["https:\/\/torrentclosures.com\/wp-content\/uploads\/2019\/12\/Plasticos_Web.jpg",1100,732,false],"gform-image-choice-sm":["https:\/\/torrentclosures.com\/wp-content\/uploads\/2019\/12\/Plasticos_Web.jpg",300,200,false],"gform-image-choice-md":["https:\/\/torrentclosures.com\/wp-content\/uploads\/2019\/12\/Plasticos_Web.jpg",400,266,false],"gform-image-choice-lg":["https:\/\/torrentclosures.com\/wp-content\/uploads\/2019\/12\/Plasticos_Web.jpg",600,399,false]},"uagb_author_info":{"display_name":"Pablo","author_link":"https:\/\/torrentclosures.com\/fr"},"uagb_comment_info":0,"uagb_excerpt":"Ces chiffres qui font froid dans le dos ont \u00e9t\u00e9 pr\u00e9sent\u00e9s \u00e0 Madrid, au cours de la Conf\u00e9rence des Nations Unies sur les changements climatiques (COP25). Le porte-parole de la plateforme EsPl\u00e1sticos, Ignacio Marco, a mis l\u2019accent sur les frais climatiques qu\u2019entra\u00eenerait l\u2019\u00e9limination du plastique dans le monde entier : \u00ab\u00a0On d\u00e9penserait deux fois plus\u2026","_links":{"self":[{"href":"https:\/\/torrentclosures.com\/fr\/wp-json\/wp\/v2\/posts\/7723","targetHints":{"allow":["GET"]}}],"collection":[{"href":"https:\/\/torrentclosures.com\/fr\/wp-json\/wp\/v2\/posts"}],"about":[{"href":"https:\/\/torrentclosures.com\/fr\/wp-json\/wp\/v2\/types\/post"}],"author":[{"embeddable":true,"href":"https:\/\/torrentclosures.com\/fr\/wp-json\/wp\/v2\/users\/3"}],"replies":[{"embeddable":true,"href":"https:\/\/torrentclosures.com\/fr\/wp-json\/wp\/v2\/comments?post=7723"}],"version-history":[{"count":0,"href":"https:\/\/torrentclosures.com\/fr\/wp-json\/wp\/v2\/posts\/7723\/revisions"}],"wp:featuredmedia":[{"embeddable":true,"href":"https:\/\/torrentclosures.com\/fr\/wp-json\/wp\/v2\/media\/7739"}],"wp:attachment":[{"href":"https:\/\/torrentclosures.com\/fr\/wp-json\/wp\/v2\/media?parent=7723"}],"wp:term":[{"taxonomy":"category","embeddable":true,"href":"https:\/\/torrentclosures.com\/fr\/wp-json\/wp\/v2\/categories?post=7723"},{"taxonomy":"post_tag","embeddable":true,"href":"https:\/\/torrentclosures.com\/fr\/wp-json\/wp\/v2\/tags?post=7723"}],"curies":[{"name":"wp","href":"https:\/\/api.w.org\/{rel}","templated":true}]}}