{"id":6737,"date":"2019-11-18T11:56:57","date_gmt":"2019-11-18T11:56:57","guid":{"rendered":"https:\/\/old.torrentclosures.com\/la-fundacion-vicente-ferrer-reconoce-nuestra-colaboracion-en-india-durante-su-50-aniversario\/"},"modified":"2019-11-18T11:56:57","modified_gmt":"2019-11-18T11:56:57","slug":"la-fondation-vicente-ferrer-reconnait-notre-collaboration-en-inde-au-cours-de-son-50o-anniversaire","status":"publish","type":"post","link":"https:\/\/torrentclosures.com\/fr\/la-fondation-vicente-ferrer-reconnait-notre-collaboration-en-inde-au-cours-de-son-50o-anniversaire\/","title":{"rendered":"LA FONDATION VICENTE FERRER RECONNA\u00ceT NOTRE COLLABORATION EN INDE AU COURS DE SON 50\u00ba ANNIVERSAIRE"},"content":{"rendered":"<p><a href=\"https:\/\/fundacionvicenteferrer.org\/es\/\" target=\"_blank\" rel=\"noopener noreferrer\">La Fondation Vicente Ferrer<\/a> a c\u00e9l\u00e9br\u00e9 hier soir \u00e0 l\u2019Organisme R\u00e9gulateur du Vin et du Brandy de Jerez un \u00e9v\u00e8nement plein d\u2019\u00e9motions dans le cadre de son 50\u00ba anniversaire. La pr\u00e9sidente de la FVF, Anna Ferrer, a rappel\u00e9 les d\u00e9buts, les objectifs r\u00e9alis\u00e9s et les prochains d\u00e9fis de la fondation.<\/p>\n<p>Lors de la c\u00e9l\u00e9bration, les apports de plusieurs organismes ayant collabor\u00e9 avec la Fondation ont \u00e9t\u00e9 reconnus. Pour ce qui est du <a href=\"\/\" target=\"_blank\" rel=\"noopener noreferrer\">Groupe Torrent<\/a>, notre entreprise en Inde, <a href=\"\/?page_id=1259\" target=\"_blank\" rel=\"noopener noreferrer\">Alisha Torrent Closures<\/a> (ATC), a collabor\u00e9 avec la Fondation sur plusieurs projets. Notre coll\u00e8gue Jos\u00e9 Manuel Ja\u00e9n, a re\u00e7u la plaque comm\u00e9morative au nom de David Torrent.<\/p>\n<p>Nous vous rapportons ci-apr\u00e8s une partie de l\u2019article publi\u00e9 aujourd\u2019hui par le Diario de Jerez.<\/p>\n<p>Il y a cinquante ans de cela, Vicente Ferrer a convaincu trois personnes d\u2019entreprendre une aventure \u00e0 la fois merveilleuse et complexe. Une mission d\u2019amour profond envers l\u2019Inde dans le but de transformer une des r\u00e9gions les plus pauvres du sud : les \u00e9tats de Adhra Pradesh et Telangana.<\/p>\n<p>Cinquante ans plus tard, Anna Ferrer a captiv\u00e9 hier tout Jerez avec son t\u00e9moignage poignant \u00e0 l\u2019Organisme R\u00e9gulateur. La cave San Gin\u00e9s a fait salle comble face \u00e0 l\u2019attente qu\u2019a suscit\u00e9e la femme de Vicente Ferrer dans toute la ville. L\u2019assistance est rest\u00e9e muette en \u00e9coutant \u201cl\u2019architecte des r\u00eaves impossibles\u201d rappeler les premiers pas de la Fondation, les d\u00e9fis futurs et l\u2019importance du parrainage, et de transmettre, comme l\u2019avait fait Ferrer il y a 50 ans, le pouvoir que chaque grain de sable a de changer le monde.<\/p>\n<p>\u201cMoi, c\u2019est Anna, je suis une personne tr\u00e8s simple. Lors d\u2019une interview r\u00e9alis\u00e9e \u00e0 Madrid on a dit que j\u2019avais le don du bonheur. Je ne sais pas si j\u2019ai le don du bonheur ou pas, mais je suis quelqu\u2019un de tr\u00e8s spontan\u00e9, tr\u00e8s heureuse et une chose que j\u2019ai apprise de Vicente, je suis toujours positive. Je suis heureuse \u00e0 Anantapur et ici \u00e0 Jerez avec vous.\u201d Voil\u00e0 comment s\u2019est pr\u00e9sent\u00e9e la pr\u00e9sidente de la Fondation <a href=\"https:\/\/www.diariodejerez.es\/jerez\/aniversario-Fundacion-Vicente-Ferrer-acto-Jerez_0_1409259663.htm\" target=\"_blank\" rel=\"noopener noreferrer\">lors de l\u2019interview r\u00e9alis\u00e9e par le directeur du Diario de Jerez<\/a>, Rafael Navas, pendant la c\u00e9r\u00e9monie.<\/p>\n<p>Anna a racont\u00e9 les d\u00e9buts de la Fondation, lorsque Vicente Ferrer, elle-m\u00eame \u2013 une jeune journaliste de 21 ans \u2013 et deux collaborateurs locaux sont arriv\u00e9s \u00e0 Anantapur, \u201cun d\u00e9sert\u201d o\u00f9 r\u00e9gnait une pauvret\u00e9 extr\u00eame. \u201cLes villageois ressentent aujourd\u2019hui un grand changement dans leurs vies, maintenant ils se sentent \u00e9gaux et personne n\u2019est sup\u00e9rieur \u00e0 eux (castes)\u201d, raconte Anna.<\/p>\n<p>\u201cVicente nous a persuad\u00e9s, alors qu\u2019un grand nombre de personnes ne croyait pas qu\u2019il \u00e9tait possible d\u2019en finir avec la pauvret\u00e9. Vicente avait le pouvoir de transmettre \u00e0 des centaines de milliers d\u2019entre nous, que ce soit en Inde ou en Espagne, que chacun a la responsabilit\u00e9 d\u2019aider ceux qui souffrent\u201d, a-t-elle ajout\u00e9 au cours de l\u2019\u00e9v\u00e8nement, pr\u00e9sent\u00e9 par Esteban Fern\u00e1ndez.<\/p>\n<p>Lorsque Vicente Ferrer est d\u00e9c\u00e9d\u00e9, la Fondation travaillait dans 2\u00a0000 villages. Aujourd\u2019hui elle est pr\u00e9sente dans 3\u00a0700 villages : \u201cNotre \u00e9quipe \u00e0 Anantapur est compos\u00e9e de 2\u00a0500 personnes qui sont toutes originaires de cette ville. Nous voulions des gens de cette terre, et lorsqu\u2019ils ont commenc\u00e9 ils ne savaient rien du d\u00e9veloppement, mais nous mis un point d\u2019honneur \u00e0 la formation du personnel. De cette mani\u00e8re, les locaux qui n\u2019avaient aucune connaissance en d\u00e9veloppement sont aujourd\u2019hui des personnes fid\u00e8les \u00e0 la Fondation et de grands professionnels. Quand Vicente a disparu, le travail ne s\u2019est pas arr\u00eat\u00e9 une seconde.\u201d<\/p>\n<p>Pour Anna Ferrer, l\u2019une des cl\u00e9s de la bonne sant\u00e9 de la Fondation est de \u201ccroire dans les gens du village. Ce sont eux les acteurs principaux de leur propre d\u00e9veloppement. Nous devons \u00e9tablir une relation de confiance entre les gens des villages et l\u2019organisation, parce que nous ne sommes pas l\u00e0 pour les d\u00e9velopper. Nous sommes l\u00e0 pour les rendre plus organis\u00e9s, plus forts, pour leur donner la connaissance n\u00e9cessaire afin de mener une vie digne et qu\u2019ils soient ma\u00eetres de leurs propres vies.\u201d<\/p>\n<p>Parmi les d\u00e9fis futurs, Anna Ferrer a fait particuli\u00e8rement allusion \u00e0 la \u201clutte contre la discrimination sexuelle et l\u2019\u00e9limination de la violence de genre. Les femmes ont beaucoup progress\u00e9, mais il leur reste encore beaucoup \u00e0 apprendre.\u201d<\/p>\n<p>La relation entre la Fondation et Jerez a plusieurs noms. Parmi eux, Francisco Valencia et Teresa Garrido, les promoteurs de dizaines d\u2019\u00e9v\u00e8nements visant \u00e0 recueillir des fonds en faveur de la fondation en Inde.<\/p>\n<p>En 2017, dans le cadre d\u2019une vente priv\u00e9e organis\u00e9e par le couple, Teresa a d\u00e9clar\u00e9 : \u201cTant que Dieu nous accordera le moindre souffle de vie, nous continuerons de l\u2019avant. Depuis que Paco a pris sa retraite, c\u2019est notre <em>leitmotiv<\/em>. Nous nous sommes tellement attach\u00e9s \u00e0 la Fondation que nous nous y sommes pleinement consacr\u00e9s.\u201d Valencia est d\u00e9c\u00e9d\u00e9 en avril dernier, mais ses bonnes actions sont toujours aussi pr\u00e9sentes. Anna l\u2019a d\u2019ailleurs reconnu hier soir dans ces termes : \u201cTere et Paco son de tr\u00e8s bons amis.\u201d<\/p>\n<p>Le directeur G\u00e9n\u00e9ral de la Fondation Vicente Ferrer, Jordi Folgado, a soulign\u00e9 que l\u2019objectif n\u2019est pas d\u2019avoir un grand nombre de personnes \u00e0 soutenir \u201cmais l\u2019efficacit\u00e9\u201d. Il a dit que c\u2019\u00e9tait une grande \u201csatisfaction\u201d que de rendre aux personnes leur dignit\u00e9 ; \u201cil n\u2019y a plus de pauvres de premi\u00e8re ou de deuxi\u00e8me cat\u00e9gorie\u201d.<\/p>\n<p>La conseill\u00e8re d\u2019\u00c9galit\u00e9, Jeunesse et Diversit\u00e9, Ana H\u00e9rica Ramos, a avou\u00e9 : \u201cDepuis mon r\u00e9veil ce matin, j\u2019ai \u00e9t\u00e9 accompagn\u00e9e par l\u2019illusion et l\u2019\u00e9motion. Merci de nous inspirer.\u201d La d\u00e9l\u00e9gu\u00e9e a rappel\u00e9 que lors de la r\u00e9ception, plus t\u00f4t \u00e0 la mairie, Folgado \u201cnous a dit que le plus important dans les territoires est l\u2019organisation de la communaut\u00e9, au sein de laquelle toutes les personnes jouent un r\u00f4le important. Il nous a parl\u00e9 de la dignit\u00e9, quelque chose qui me touche profond\u00e9ment.\u201d<\/p>\n<p>Apr\u00e8s l\u2019interview, Anna Ferrer et Jordi Folgado ont remis plusieurs r\u00e9compenses de la part de l\u2019organisation pour \u201csa solidarit\u00e9 et son engagement\u201d envers la fondation. L\u2019Organisme R\u00e9gulateur du Brandy de Jerez, Gonz\u00e1lez Byass, \u00c1lvaro Domecq Romero, Sebasti\u00e1n Romero, David Torrent et Concepci\u00f3n Fern\u00e1ndez Asurmendi ont \u00e9t\u00e9 r\u00e9compens\u00e9s lors de ce grand gala.<\/p>\n<p>\u201cC\u2019est la premi\u00e8re fois que je viens \u00e0 Jerez, mais ce ne sera pas la seule\u201d, a confi\u00e9 la pr\u00e9sidente. La ville souhaite qu\u2019il en soit ainsi. Merci Anna.<\/p>\n","protected":false},"excerpt":{"rendered":"<p>La Fondation Vicente Ferrer a c\u00e9l\u00e9br\u00e9 hier soir \u00e0 l\u2019Organisme R\u00e9gulateur du Vin et du Brandy de Jerez un \u00e9v\u00e8nement plein d\u2019\u00e9motions dans le cadre de son 50\u00ba anniversaire. La pr\u00e9sidente de la FVF, Anna Ferrer, a rappel\u00e9 les d\u00e9buts, les objectifs r\u00e9alis\u00e9s et les prochains d\u00e9fis de la fondation. Lors de la c\u00e9l\u00e9bration, les &hellip;<\/p>\n","protected":false},"author":3,"featured_media":6725,"comment_status":"closed","ping_status":"open","sticky":false,"template":"","format":"standard","meta":{"inline_featured_image":false,"_uag_custom_page_level_css":"","footnotes":""},"categories":[797],"tags":[882],"class_list":["post-6737","post","type-post","status-publish","format-standard","has-post-thumbnail","hentry","category-nouvelles","tag-grupo-torrent-fr"],"uagb_featured_image_src":{"full":["https:\/\/torrentclosures.com\/wp-content\/uploads\/2019\/11\/FVF_Torrent_Closures.jpg",2000,1333,false],"thumbnail":["https:\/\/torrentclosures.com\/wp-content\/uploads\/2019\/11\/FVF_Torrent_Closures-150x150.jpg",150,150,true],"medium":["https:\/\/torrentclosures.com\/wp-content\/uploads\/2019\/11\/FVF_Torrent_Closures-300x300.jpg",300,300,true],"medium_large":["https:\/\/torrentclosures.com\/wp-content\/uploads\/2019\/11\/FVF_Torrent_Closures-768x512.jpg",768,512,true],"large":["https:\/\/torrentclosures.com\/wp-content\/uploads\/2019\/11\/FVF_Torrent_Closures-1024x682.jpg",1024,682,true],"1536x1536":["https:\/\/torrentclosures.com\/wp-content\/uploads\/2019\/11\/FVF_Torrent_Closures.jpg",1536,1024,false],"2048x2048":["https:\/\/torrentclosures.com\/wp-content\/uploads\/2019\/11\/FVF_Torrent_Closures.jpg",2000,1333,false],"gform-image-choice-sm":["https:\/\/torrentclosures.com\/wp-content\/uploads\/2019\/11\/FVF_Torrent_Closures.jpg",300,200,false],"gform-image-choice-md":["https:\/\/torrentclosures.com\/wp-content\/uploads\/2019\/11\/FVF_Torrent_Closures.jpg",400,267,false],"gform-image-choice-lg":["https:\/\/torrentclosures.com\/wp-content\/uploads\/2019\/11\/FVF_Torrent_Closures.jpg",600,400,false]},"uagb_author_info":{"display_name":"Pablo","author_link":"https:\/\/torrentclosures.com\/fr"},"uagb_comment_info":0,"uagb_excerpt":"La Fondation Vicente Ferrer a c\u00e9l\u00e9br\u00e9 hier soir \u00e0 l\u2019Organisme R\u00e9gulateur du Vin et du Brandy de Jerez un \u00e9v\u00e8nement plein d\u2019\u00e9motions dans le cadre de son 50\u00ba anniversaire. La pr\u00e9sidente de la FVF, Anna Ferrer, a rappel\u00e9 les d\u00e9buts, les objectifs r\u00e9alis\u00e9s et les prochains d\u00e9fis de la fondation. Lors de la c\u00e9l\u00e9bration, les\u2026","_links":{"self":[{"href":"https:\/\/torrentclosures.com\/fr\/wp-json\/wp\/v2\/posts\/6737","targetHints":{"allow":["GET"]}}],"collection":[{"href":"https:\/\/torrentclosures.com\/fr\/wp-json\/wp\/v2\/posts"}],"about":[{"href":"https:\/\/torrentclosures.com\/fr\/wp-json\/wp\/v2\/types\/post"}],"author":[{"embeddable":true,"href":"https:\/\/torrentclosures.com\/fr\/wp-json\/wp\/v2\/users\/3"}],"replies":[{"embeddable":true,"href":"https:\/\/torrentclosures.com\/fr\/wp-json\/wp\/v2\/comments?post=6737"}],"version-history":[{"count":0,"href":"https:\/\/torrentclosures.com\/fr\/wp-json\/wp\/v2\/posts\/6737\/revisions"}],"wp:featuredmedia":[{"embeddable":true,"href":"https:\/\/torrentclosures.com\/fr\/wp-json\/wp\/v2\/media\/6725"}],"wp:attachment":[{"href":"https:\/\/torrentclosures.com\/fr\/wp-json\/wp\/v2\/media?parent=6737"}],"wp:term":[{"taxonomy":"category","embeddable":true,"href":"https:\/\/torrentclosures.com\/fr\/wp-json\/wp\/v2\/categories?post=6737"},{"taxonomy":"post_tag","embeddable":true,"href":"https:\/\/torrentclosures.com\/fr\/wp-json\/wp\/v2\/tags?post=6737"}],"curies":[{"name":"wp","href":"https:\/\/api.w.org\/{rel}","templated":true}]}}